{"id":4894,"date":"2018-04-17T12:02:00","date_gmt":"2018-04-17T10:02:00","guid":{"rendered":"https:\/\/www.integra-fragrances.com\/bulgari-opening-event-milan-design-week-2018\/"},"modified":"2023-12-11T10:16:24","modified_gmt":"2023-12-11T09:16:24","slug":"evenement-douverture-de-bulgari-a-la-milan-design-week-2018","status":"publish","type":"post","link":"https:\/\/www.integra-fragrances.com\/fr\/evenement-douverture-de-bulgari-a-la-milan-design-week-2018\/","title":{"rendered":"\u00c9v\u00e9nement d&#8217;ouverture de Bulgari \u00e0 la Milan Design Week 2018."},"content":{"rendered":"","protected":false},"excerpt":{"rendered":"<p>Une f\u00eate d&#8217;ouverture parfum\u00e9e lance ce soir l&#8217;installation parfum\u00e9e 3D de Bulgari au c\u0153ur du quartier du design de Brera.<\/p>\n","protected":false},"author":1,"featured_media":4895,"comment_status":"closed","ping_status":"closed","sticky":false,"template":"","format":"standard","meta":{"_acf_changed":false,"footnotes":""},"categories":[46],"tags":[],"categorie_realizzazioni_brand":[],"class_list":["post-4894","post","type-post","status-publish","format-standard","has-post-thumbnail","hentry","category-non-classifiee"],"acf":[],"yoast_head":"<!-- This site is optimized with the Yoast SEO plugin v26.5 - https:\/\/yoast.com\/wordpress\/plugins\/seo\/ -->\n<title>\u00c9v\u00e9nement d&#039;ouverture de Bulgari \u00e0 la Milan Design Week 2018. - Integra Fragrances<\/title>\n<meta name=\"description\" content=\"Une f\u00eate d&#039;ouverture parfum\u00e9e lance ce soir l&#039;installation parfum\u00e9e 3D de Bulgari au c\u0153ur du quartier du design de Brera.\" \/>\n<meta name=\"robots\" content=\"index, follow, max-snippet:-1, max-image-preview:large, max-video-preview:-1\" \/>\n<link rel=\"canonical\" href=\"https:\/\/www.integra-fragrances.com\/fr\/evenement-douverture-de-bulgari-a-la-milan-design-week-2018\/\" \/>\n<meta property=\"og:locale\" content=\"fr_FR\" \/>\n<meta property=\"og:type\" content=\"article\" \/>\n<meta property=\"og:title\" content=\"\u00c9v\u00e9nement d&#039;ouverture de Bulgari \u00e0 la Milan Design Week 2018. - Integra Fragrances\" \/>\n<meta property=\"og:description\" content=\"Une f\u00eate d&#039;ouverture parfum\u00e9e lance ce soir l&#039;installation parfum\u00e9e 3D de Bulgari au c\u0153ur du quartier du design de Brera.\" \/>\n<meta property=\"og:url\" content=\"https:\/\/www.integra-fragrances.com\/fr\/evenement-douverture-de-bulgari-a-la-milan-design-week-2018\/\" \/>\n<meta property=\"og:site_name\" content=\"Integra Fragrances\" \/>\n<meta property=\"article:published_time\" content=\"2018-04-17T10:02:00+00:00\" \/>\n<meta property=\"article:modified_time\" content=\"2023-12-11T09:16:24+00:00\" \/>\n<meta property=\"og:image\" content=\"https:\/\/www.integra-fragrances.com\/site\/wp-content\/uploads\/2023\/09\/5_mg_1049-bulgari-milano-design-week_2.webp\" \/>\n\t<meta property=\"og:image:width\" content=\"675\" \/>\n\t<meta property=\"og:image:height\" content=\"675\" \/>\n\t<meta property=\"og:image:type\" content=\"image\/webp\" \/>\n<meta name=\"author\" content=\"IntegraAdmin\" \/>\n<meta name=\"twitter:card\" content=\"summary_large_image\" \/>\n<meta name=\"twitter:label1\" content=\"Written by\" \/>\n\t<meta name=\"twitter:data1\" content=\"IntegraAdmin\" \/>\n<script type=\"application\/ld+json\" class=\"yoast-schema-graph\">{\"@context\":\"https:\/\/schema.org\",\"@graph\":[{\"@type\":\"Article\",\"@id\":\"https:\/\/www.integra-fragrances.com\/fr\/evenement-douverture-de-bulgari-a-la-milan-design-week-2018\/#article\",\"isPartOf\":{\"@id\":\"https:\/\/www.integra-fragrances.com\/fr\/evenement-douverture-de-bulgari-a-la-milan-design-week-2018\/\"},\"author\":{\"name\":\"IntegraAdmin\",\"@id\":\"https:\/\/www.integra-fragrances.com\/#\/schema\/person\/f443867e97be0951a8b9c5739cd94dd6\"},\"headline\":\"\u00c9v\u00e9nement d&#8217;ouverture de Bulgari \u00e0 la Milan Design Week 2018.\",\"datePublished\":\"2018-04-17T10:02:00+00:00\",\"dateModified\":\"2023-12-11T09:16:24+00:00\",\"mainEntityOfPage\":{\"@id\":\"https:\/\/www.integra-fragrances.com\/fr\/evenement-douverture-de-bulgari-a-la-milan-design-week-2018\/\"},\"wordCount\":10,\"publisher\":{\"@id\":\"https:\/\/www.integra-fragrances.com\/#organization\"},\"image\":{\"@id\":\"https:\/\/www.integra-fragrances.com\/fr\/evenement-douverture-de-bulgari-a-la-milan-design-week-2018\/#primaryimage\"},\"thumbnailUrl\":\"https:\/\/www.integra-fragrances.com\/site\/wp-content\/uploads\/2023\/09\/5_mg_1049-bulgari-milano-design-week_2.webp\",\"articleSection\":[\"Non classifi\u00e9(e)\"],\"inLanguage\":\"fr-FR\"},{\"@type\":\"WebPage\",\"@id\":\"https:\/\/www.integra-fragrances.com\/fr\/evenement-douverture-de-bulgari-a-la-milan-design-week-2018\/\",\"url\":\"https:\/\/www.integra-fragrances.com\/fr\/evenement-douverture-de-bulgari-a-la-milan-design-week-2018\/\",\"name\":\"\u00c9v\u00e9nement d'ouverture de Bulgari \u00e0 la Milan Design Week 2018. - Integra Fragrances\",\"isPartOf\":{\"@id\":\"https:\/\/www.integra-fragrances.com\/#website\"},\"primaryImageOfPage\":{\"@id\":\"https:\/\/www.integra-fragrances.com\/fr\/evenement-douverture-de-bulgari-a-la-milan-design-week-2018\/#primaryimage\"},\"image\":{\"@id\":\"https:\/\/www.integra-fragrances.com\/fr\/evenement-douverture-de-bulgari-a-la-milan-design-week-2018\/#primaryimage\"},\"thumbnailUrl\":\"https:\/\/www.integra-fragrances.com\/site\/wp-content\/uploads\/2023\/09\/5_mg_1049-bulgari-milano-design-week_2.webp\",\"datePublished\":\"2018-04-17T10:02:00+00:00\",\"dateModified\":\"2023-12-11T09:16:24+00:00\",\"description\":\"Une f\u00eate d'ouverture parfum\u00e9e lance ce soir l'installation parfum\u00e9e 3D de Bulgari au c\u0153ur du quartier du design de Brera.\",\"inLanguage\":\"fr-FR\",\"potentialAction\":[{\"@type\":\"ReadAction\",\"target\":[\"https:\/\/www.integra-fragrances.com\/fr\/evenement-douverture-de-bulgari-a-la-milan-design-week-2018\/\"]}]},{\"@type\":\"ImageObject\",\"inLanguage\":\"fr-FR\",\"@id\":\"https:\/\/www.integra-fragrances.com\/fr\/evenement-douverture-de-bulgari-a-la-milan-design-week-2018\/#primaryimage\",\"url\":\"https:\/\/www.integra-fragrances.com\/site\/wp-content\/uploads\/2023\/09\/5_mg_1049-bulgari-milano-design-week_2.webp\",\"contentUrl\":\"https:\/\/www.integra-fragrances.com\/site\/wp-content\/uploads\/2023\/09\/5_mg_1049-bulgari-milano-design-week_2.webp\",\"width\":675,\"height\":675},{\"@type\":\"WebSite\",\"@id\":\"https:\/\/www.integra-fragrances.com\/#website\",\"url\":\"https:\/\/www.integra-fragrances.com\/\",\"name\":\"Integra Fragrances\",\"description\":\"Scent Marketing, the art and science of brand olfactory stories\",\"publisher\":{\"@id\":\"https:\/\/www.integra-fragrances.com\/#organization\"},\"potentialAction\":[{\"@type\":\"SearchAction\",\"target\":{\"@type\":\"EntryPoint\",\"urlTemplate\":\"https:\/\/www.integra-fragrances.com\/?s={search_term_string}\"},\"query-input\":{\"@type\":\"PropertyValueSpecification\",\"valueRequired\":true,\"valueName\":\"search_term_string\"}}],\"inLanguage\":\"fr-FR\"},{\"@type\":\"Organization\",\"@id\":\"https:\/\/www.integra-fragrances.com\/#organization\",\"name\":\"Integra Fragrances\",\"url\":\"https:\/\/www.integra-fragrances.com\/\",\"logo\":{\"@type\":\"ImageObject\",\"inLanguage\":\"fr-FR\",\"@id\":\"https:\/\/www.integra-fragrances.com\/#\/schema\/logo\/image\/\",\"url\":\"https:\/\/www.integra-fragrances.com\/site\/wp-content\/uploads\/2023\/07\/integra-fragrances.svg\",\"contentUrl\":\"https:\/\/www.integra-fragrances.com\/site\/wp-content\/uploads\/2023\/07\/integra-fragrances.svg\",\"caption\":\"Integra Fragrances\"},\"image\":{\"@id\":\"https:\/\/www.integra-fragrances.com\/#\/schema\/logo\/image\/\"}},{\"@type\":\"Person\",\"@id\":\"https:\/\/www.integra-fragrances.com\/#\/schema\/person\/f443867e97be0951a8b9c5739cd94dd6\",\"name\":\"IntegraAdmin\",\"sameAs\":[\"https:\/\/www.integra-fragrances.com\/site\"],\"url\":\"https:\/\/www.integra-fragrances.com\/fr\/author\/integraadmin\/\"}]}<\/script>\n<!-- \/ Yoast SEO plugin. -->","yoast_head_json":{"title":"\u00c9v\u00e9nement d'ouverture de Bulgari \u00e0 la Milan Design Week 2018. - Integra Fragrances","description":"Une f\u00eate d'ouverture parfum\u00e9e lance ce soir l'installation parfum\u00e9e 3D de Bulgari au c\u0153ur du quartier du design de Brera.","robots":{"index":"index","follow":"follow","max-snippet":"max-snippet:-1","max-image-preview":"max-image-preview:large","max-video-preview":"max-video-preview:-1"},"canonical":"https:\/\/www.integra-fragrances.com\/fr\/evenement-douverture-de-bulgari-a-la-milan-design-week-2018\/","og_locale":"fr_FR","og_type":"article","og_title":"\u00c9v\u00e9nement d'ouverture de Bulgari \u00e0 la Milan Design Week 2018. - Integra Fragrances","og_description":"Une f\u00eate d'ouverture parfum\u00e9e lance ce soir l'installation parfum\u00e9e 3D de Bulgari au c\u0153ur du quartier du design de Brera.","og_url":"https:\/\/www.integra-fragrances.com\/fr\/evenement-douverture-de-bulgari-a-la-milan-design-week-2018\/","og_site_name":"Integra Fragrances","article_published_time":"2018-04-17T10:02:00+00:00","article_modified_time":"2023-12-11T09:16:24+00:00","og_image":[{"width":675,"height":675,"url":"https:\/\/www.integra-fragrances.com\/site\/wp-content\/uploads\/2023\/09\/5_mg_1049-bulgari-milano-design-week_2.webp","type":"image\/webp"}],"author":"IntegraAdmin","twitter_card":"summary_large_image","twitter_misc":{"Written by":"IntegraAdmin"},"schema":{"@context":"https:\/\/schema.org","@graph":[{"@type":"Article","@id":"https:\/\/www.integra-fragrances.com\/fr\/evenement-douverture-de-bulgari-a-la-milan-design-week-2018\/#article","isPartOf":{"@id":"https:\/\/www.integra-fragrances.com\/fr\/evenement-douverture-de-bulgari-a-la-milan-design-week-2018\/"},"author":{"name":"IntegraAdmin","@id":"https:\/\/www.integra-fragrances.com\/#\/schema\/person\/f443867e97be0951a8b9c5739cd94dd6"},"headline":"\u00c9v\u00e9nement d&#8217;ouverture de Bulgari \u00e0 la Milan Design Week 2018.","datePublished":"2018-04-17T10:02:00+00:00","dateModified":"2023-12-11T09:16:24+00:00","mainEntityOfPage":{"@id":"https:\/\/www.integra-fragrances.com\/fr\/evenement-douverture-de-bulgari-a-la-milan-design-week-2018\/"},"wordCount":10,"publisher":{"@id":"https:\/\/www.integra-fragrances.com\/#organization"},"image":{"@id":"https:\/\/www.integra-fragrances.com\/fr\/evenement-douverture-de-bulgari-a-la-milan-design-week-2018\/#primaryimage"},"thumbnailUrl":"https:\/\/www.integra-fragrances.com\/site\/wp-content\/uploads\/2023\/09\/5_mg_1049-bulgari-milano-design-week_2.webp","articleSection":["Non classifi\u00e9(e)"],"inLanguage":"fr-FR"},{"@type":"WebPage","@id":"https:\/\/www.integra-fragrances.com\/fr\/evenement-douverture-de-bulgari-a-la-milan-design-week-2018\/","url":"https:\/\/www.integra-fragrances.com\/fr\/evenement-douverture-de-bulgari-a-la-milan-design-week-2018\/","name":"\u00c9v\u00e9nement d'ouverture de Bulgari \u00e0 la Milan Design Week 2018. - Integra Fragrances","isPartOf":{"@id":"https:\/\/www.integra-fragrances.com\/#website"},"primaryImageOfPage":{"@id":"https:\/\/www.integra-fragrances.com\/fr\/evenement-douverture-de-bulgari-a-la-milan-design-week-2018\/#primaryimage"},"image":{"@id":"https:\/\/www.integra-fragrances.com\/fr\/evenement-douverture-de-bulgari-a-la-milan-design-week-2018\/#primaryimage"},"thumbnailUrl":"https:\/\/www.integra-fragrances.com\/site\/wp-content\/uploads\/2023\/09\/5_mg_1049-bulgari-milano-design-week_2.webp","datePublished":"2018-04-17T10:02:00+00:00","dateModified":"2023-12-11T09:16:24+00:00","description":"Une f\u00eate d'ouverture parfum\u00e9e lance ce soir l'installation parfum\u00e9e 3D de Bulgari au c\u0153ur du quartier du design de Brera.","inLanguage":"fr-FR","potentialAction":[{"@type":"ReadAction","target":["https:\/\/www.integra-fragrances.com\/fr\/evenement-douverture-de-bulgari-a-la-milan-design-week-2018\/"]}]},{"@type":"ImageObject","inLanguage":"fr-FR","@id":"https:\/\/www.integra-fragrances.com\/fr\/evenement-douverture-de-bulgari-a-la-milan-design-week-2018\/#primaryimage","url":"https:\/\/www.integra-fragrances.com\/site\/wp-content\/uploads\/2023\/09\/5_mg_1049-bulgari-milano-design-week_2.webp","contentUrl":"https:\/\/www.integra-fragrances.com\/site\/wp-content\/uploads\/2023\/09\/5_mg_1049-bulgari-milano-design-week_2.webp","width":675,"height":675},{"@type":"WebSite","@id":"https:\/\/www.integra-fragrances.com\/#website","url":"https:\/\/www.integra-fragrances.com\/","name":"Integra Fragrances","description":"Scent Marketing, the art and science of brand olfactory stories","publisher":{"@id":"https:\/\/www.integra-fragrances.com\/#organization"},"potentialAction":[{"@type":"SearchAction","target":{"@type":"EntryPoint","urlTemplate":"https:\/\/www.integra-fragrances.com\/?s={search_term_string}"},"query-input":{"@type":"PropertyValueSpecification","valueRequired":true,"valueName":"search_term_string"}}],"inLanguage":"fr-FR"},{"@type":"Organization","@id":"https:\/\/www.integra-fragrances.com\/#organization","name":"Integra Fragrances","url":"https:\/\/www.integra-fragrances.com\/","logo":{"@type":"ImageObject","inLanguage":"fr-FR","@id":"https:\/\/www.integra-fragrances.com\/#\/schema\/logo\/image\/","url":"https:\/\/www.integra-fragrances.com\/site\/wp-content\/uploads\/2023\/07\/integra-fragrances.svg","contentUrl":"https:\/\/www.integra-fragrances.com\/site\/wp-content\/uploads\/2023\/07\/integra-fragrances.svg","caption":"Integra Fragrances"},"image":{"@id":"https:\/\/www.integra-fragrances.com\/#\/schema\/logo\/image\/"}},{"@type":"Person","@id":"https:\/\/www.integra-fragrances.com\/#\/schema\/person\/f443867e97be0951a8b9c5739cd94dd6","name":"IntegraAdmin","sameAs":["https:\/\/www.integra-fragrances.com\/site"],"url":"https:\/\/www.integra-fragrances.com\/fr\/author\/integraadmin\/"}]}},"_links":{"self":[{"href":"https:\/\/www.integra-fragrances.com\/fr\/wp-json\/wp\/v2\/posts\/4894","targetHints":{"allow":["GET"]}}],"collection":[{"href":"https:\/\/www.integra-fragrances.com\/fr\/wp-json\/wp\/v2\/posts"}],"about":[{"href":"https:\/\/www.integra-fragrances.com\/fr\/wp-json\/wp\/v2\/types\/post"}],"author":[{"embeddable":true,"href":"https:\/\/www.integra-fragrances.com\/fr\/wp-json\/wp\/v2\/users\/1"}],"replies":[{"embeddable":true,"href":"https:\/\/www.integra-fragrances.com\/fr\/wp-json\/wp\/v2\/comments?post=4894"}],"version-history":[{"count":4,"href":"https:\/\/www.integra-fragrances.com\/fr\/wp-json\/wp\/v2\/posts\/4894\/revisions"}],"predecessor-version":[{"id":6994,"href":"https:\/\/www.integra-fragrances.com\/fr\/wp-json\/wp\/v2\/posts\/4894\/revisions\/6994"}],"wp:featuredmedia":[{"embeddable":true,"href":"https:\/\/www.integra-fragrances.com\/fr\/wp-json\/wp\/v2\/media\/4895"}],"wp:attachment":[{"href":"https:\/\/www.integra-fragrances.com\/fr\/wp-json\/wp\/v2\/media?parent=4894"}],"wp:term":[{"taxonomy":"category","embeddable":true,"href":"https:\/\/www.integra-fragrances.com\/fr\/wp-json\/wp\/v2\/categories?post=4894"},{"taxonomy":"post_tag","embeddable":true,"href":"https:\/\/www.integra-fragrances.com\/fr\/wp-json\/wp\/v2\/tags?post=4894"},{"taxonomy":"categorie_realizzazioni_brand","embeddable":true,"href":"https:\/\/www.integra-fragrances.com\/fr\/wp-json\/wp\/v2\/categorie_realizzazioni_brand?post=4894"}],"curies":[{"name":"wp","href":"https:\/\/api.w.org\/{rel}","templated":true}]}}