{"id":4586,"date":"2022-06-07T10:43:00","date_gmt":"2022-06-07T08:43:00","guid":{"rendered":"https:\/\/www.integra-fragrances.com\/serra-san-marco-lidentita-olfattiva-dello-chef-daniel-canzian\/"},"modified":"2023-11-21T09:28:48","modified_gmt":"2023-11-21T08:28:48","slug":"serra-san-marco-lidentite-olfactive-du-chef-daniel-canzian","status":"publish","type":"post","link":"https:\/\/www.integra-fragrances.com\/fr\/serra-san-marco-lidentite-olfactive-du-chef-daniel-canzian\/","title":{"rendered":"\u201cSerra San Marco\u201d, l&#8217;identit\u00e9 olfactive du chef Daniel Canzian."},"content":{"rendered":"\n<p><\/p>\n\n\n\n<p><\/p>\n","protected":false},"excerpt":{"rendered":"<p>Aujourd&#8217;hui nous vous pr\u00e9sentons Serra San Marco, la nouvelle identit\u00e9 olfactive du chef italien Daniel Canzian qui vous accueille aux portes de son restaurant.<\/p>\n","protected":false},"author":1,"featured_media":4587,"comment_status":"closed","ping_status":"closed","sticky":false,"template":"","format":"standard","meta":{"_acf_changed":false,"footnotes":""},"categories":[46],"tags":[],"categorie_realizzazioni_brand":[],"class_list":["post-4586","post","type-post","status-publish","format-standard","has-post-thumbnail","hentry","category-non-classifiee"],"acf":[],"yoast_head":"<!-- This site is optimized with the Yoast SEO plugin v26.5 - https:\/\/yoast.com\/wordpress\/plugins\/seo\/ -->\n<title>\u201cSerra San Marco\u201d, l&#039;identit\u00e9 olfactive du chef Daniel Canzian. - Integra Fragrances<\/title>\n<meta name=\"description\" content=\"Aujourd&#039;hui nous vous pr\u00e9sentons Serra San Marco, la nouvelle identit\u00e9 olfactive du chef italien Daniel Canzian qui vous accueille aux portes de son restaurant.\" \/>\n<meta name=\"robots\" content=\"index, follow, max-snippet:-1, max-image-preview:large, max-video-preview:-1\" \/>\n<link rel=\"canonical\" href=\"https:\/\/www.integra-fragrances.com\/fr\/serra-san-marco-lidentite-olfactive-du-chef-daniel-canzian\/\" \/>\n<meta property=\"og:locale\" content=\"fr_FR\" \/>\n<meta property=\"og:type\" content=\"article\" \/>\n<meta property=\"og:title\" content=\"\u201cSerra San Marco\u201d, l&#039;identit\u00e9 olfactive du chef Daniel Canzian. - Integra Fragrances\" \/>\n<meta property=\"og:description\" content=\"Aujourd&#039;hui nous vous pr\u00e9sentons Serra San Marco, la nouvelle identit\u00e9 olfactive du chef italien Daniel Canzian qui vous accueille aux portes de son restaurant.\" \/>\n<meta property=\"og:url\" content=\"https:\/\/www.integra-fragrances.com\/fr\/serra-san-marco-lidentite-olfactive-du-chef-daniel-canzian\/\" \/>\n<meta property=\"og:site_name\" content=\"Integra Fragrances\" \/>\n<meta property=\"article:published_time\" content=\"2022-06-07T08:43:00+00:00\" \/>\n<meta property=\"article:modified_time\" content=\"2023-11-21T08:28:48+00:00\" \/>\n<meta property=\"og:image\" content=\"https:\/\/www.integra-fragrances.com\/site\/wp-content\/uploads\/2023\/09\/danielcanzian-ristorante-copia.webp\" \/>\n\t<meta property=\"og:image:width\" content=\"675\" \/>\n\t<meta property=\"og:image:height\" content=\"675\" \/>\n\t<meta property=\"og:image:type\" content=\"image\/webp\" \/>\n<meta name=\"author\" content=\"IntegraAdmin\" \/>\n<meta name=\"twitter:card\" content=\"summary_large_image\" \/>\n<meta name=\"twitter:label1\" content=\"Written by\" \/>\n\t<meta name=\"twitter:data1\" content=\"IntegraAdmin\" \/>\n<script type=\"application\/ld+json\" class=\"yoast-schema-graph\">{\"@context\":\"https:\/\/schema.org\",\"@graph\":[{\"@type\":\"Article\",\"@id\":\"https:\/\/www.integra-fragrances.com\/fr\/serra-san-marco-lidentite-olfactive-du-chef-daniel-canzian\/#article\",\"isPartOf\":{\"@id\":\"https:\/\/www.integra-fragrances.com\/fr\/serra-san-marco-lidentite-olfactive-du-chef-daniel-canzian\/\"},\"author\":{\"name\":\"IntegraAdmin\",\"@id\":\"https:\/\/www.integra-fragrances.com\/#\/schema\/person\/f443867e97be0951a8b9c5739cd94dd6\"},\"headline\":\"\u201cSerra San Marco\u201d, l&#8217;identit\u00e9 olfactive du chef Daniel Canzian.\",\"datePublished\":\"2022-06-07T08:43:00+00:00\",\"dateModified\":\"2023-11-21T08:28:48+00:00\",\"mainEntityOfPage\":{\"@id\":\"https:\/\/www.integra-fragrances.com\/fr\/serra-san-marco-lidentite-olfactive-du-chef-daniel-canzian\/\"},\"wordCount\":10,\"publisher\":{\"@id\":\"https:\/\/www.integra-fragrances.com\/#organization\"},\"image\":{\"@id\":\"https:\/\/www.integra-fragrances.com\/fr\/serra-san-marco-lidentite-olfactive-du-chef-daniel-canzian\/#primaryimage\"},\"thumbnailUrl\":\"https:\/\/www.integra-fragrances.com\/site\/wp-content\/uploads\/2023\/09\/danielcanzian-ristorante-copia.webp\",\"articleSection\":[\"Non classifi\u00e9(e)\"],\"inLanguage\":\"fr-FR\"},{\"@type\":\"WebPage\",\"@id\":\"https:\/\/www.integra-fragrances.com\/fr\/serra-san-marco-lidentite-olfactive-du-chef-daniel-canzian\/\",\"url\":\"https:\/\/www.integra-fragrances.com\/fr\/serra-san-marco-lidentite-olfactive-du-chef-daniel-canzian\/\",\"name\":\"\u201cSerra San Marco\u201d, l'identit\u00e9 olfactive du chef Daniel Canzian. - Integra Fragrances\",\"isPartOf\":{\"@id\":\"https:\/\/www.integra-fragrances.com\/#website\"},\"primaryImageOfPage\":{\"@id\":\"https:\/\/www.integra-fragrances.com\/fr\/serra-san-marco-lidentite-olfactive-du-chef-daniel-canzian\/#primaryimage\"},\"image\":{\"@id\":\"https:\/\/www.integra-fragrances.com\/fr\/serra-san-marco-lidentite-olfactive-du-chef-daniel-canzian\/#primaryimage\"},\"thumbnailUrl\":\"https:\/\/www.integra-fragrances.com\/site\/wp-content\/uploads\/2023\/09\/danielcanzian-ristorante-copia.webp\",\"datePublished\":\"2022-06-07T08:43:00+00:00\",\"dateModified\":\"2023-11-21T08:28:48+00:00\",\"description\":\"Aujourd'hui nous vous pr\u00e9sentons Serra San Marco, la nouvelle identit\u00e9 olfactive du chef italien Daniel Canzian qui vous accueille aux portes de son restaurant.\",\"inLanguage\":\"fr-FR\",\"potentialAction\":[{\"@type\":\"ReadAction\",\"target\":[\"https:\/\/www.integra-fragrances.com\/fr\/serra-san-marco-lidentite-olfactive-du-chef-daniel-canzian\/\"]}]},{\"@type\":\"ImageObject\",\"inLanguage\":\"fr-FR\",\"@id\":\"https:\/\/www.integra-fragrances.com\/fr\/serra-san-marco-lidentite-olfactive-du-chef-daniel-canzian\/#primaryimage\",\"url\":\"https:\/\/www.integra-fragrances.com\/site\/wp-content\/uploads\/2023\/09\/danielcanzian-ristorante-copia.webp\",\"contentUrl\":\"https:\/\/www.integra-fragrances.com\/site\/wp-content\/uploads\/2023\/09\/danielcanzian-ristorante-copia.webp\",\"width\":675,\"height\":675},{\"@type\":\"WebSite\",\"@id\":\"https:\/\/www.integra-fragrances.com\/#website\",\"url\":\"https:\/\/www.integra-fragrances.com\/\",\"name\":\"Integra Fragrances\",\"description\":\"Scent Marketing, the art and science of brand olfactory stories\",\"publisher\":{\"@id\":\"https:\/\/www.integra-fragrances.com\/#organization\"},\"potentialAction\":[{\"@type\":\"SearchAction\",\"target\":{\"@type\":\"EntryPoint\",\"urlTemplate\":\"https:\/\/www.integra-fragrances.com\/?s={search_term_string}\"},\"query-input\":{\"@type\":\"PropertyValueSpecification\",\"valueRequired\":true,\"valueName\":\"search_term_string\"}}],\"inLanguage\":\"fr-FR\"},{\"@type\":\"Organization\",\"@id\":\"https:\/\/www.integra-fragrances.com\/#organization\",\"name\":\"Integra Fragrances\",\"url\":\"https:\/\/www.integra-fragrances.com\/\",\"logo\":{\"@type\":\"ImageObject\",\"inLanguage\":\"fr-FR\",\"@id\":\"https:\/\/www.integra-fragrances.com\/#\/schema\/logo\/image\/\",\"url\":\"https:\/\/www.integra-fragrances.com\/site\/wp-content\/uploads\/2023\/07\/integra-fragrances.svg\",\"contentUrl\":\"https:\/\/www.integra-fragrances.com\/site\/wp-content\/uploads\/2023\/07\/integra-fragrances.svg\",\"caption\":\"Integra Fragrances\"},\"image\":{\"@id\":\"https:\/\/www.integra-fragrances.com\/#\/schema\/logo\/image\/\"}},{\"@type\":\"Person\",\"@id\":\"https:\/\/www.integra-fragrances.com\/#\/schema\/person\/f443867e97be0951a8b9c5739cd94dd6\",\"name\":\"IntegraAdmin\",\"sameAs\":[\"https:\/\/www.integra-fragrances.com\/site\"],\"url\":\"https:\/\/www.integra-fragrances.com\/fr\/author\/integraadmin\/\"}]}<\/script>\n<!-- \/ Yoast SEO plugin. -->","yoast_head_json":{"title":"\u201cSerra San Marco\u201d, l'identit\u00e9 olfactive du chef Daniel Canzian. - Integra Fragrances","description":"Aujourd'hui nous vous pr\u00e9sentons Serra San Marco, la nouvelle identit\u00e9 olfactive du chef italien Daniel Canzian qui vous accueille aux portes de son restaurant.","robots":{"index":"index","follow":"follow","max-snippet":"max-snippet:-1","max-image-preview":"max-image-preview:large","max-video-preview":"max-video-preview:-1"},"canonical":"https:\/\/www.integra-fragrances.com\/fr\/serra-san-marco-lidentite-olfactive-du-chef-daniel-canzian\/","og_locale":"fr_FR","og_type":"article","og_title":"\u201cSerra San Marco\u201d, l'identit\u00e9 olfactive du chef Daniel Canzian. - Integra Fragrances","og_description":"Aujourd'hui nous vous pr\u00e9sentons Serra San Marco, la nouvelle identit\u00e9 olfactive du chef italien Daniel Canzian qui vous accueille aux portes de son restaurant.","og_url":"https:\/\/www.integra-fragrances.com\/fr\/serra-san-marco-lidentite-olfactive-du-chef-daniel-canzian\/","og_site_name":"Integra Fragrances","article_published_time":"2022-06-07T08:43:00+00:00","article_modified_time":"2023-11-21T08:28:48+00:00","og_image":[{"width":675,"height":675,"url":"https:\/\/www.integra-fragrances.com\/site\/wp-content\/uploads\/2023\/09\/danielcanzian-ristorante-copia.webp","type":"image\/webp"}],"author":"IntegraAdmin","twitter_card":"summary_large_image","twitter_misc":{"Written by":"IntegraAdmin"},"schema":{"@context":"https:\/\/schema.org","@graph":[{"@type":"Article","@id":"https:\/\/www.integra-fragrances.com\/fr\/serra-san-marco-lidentite-olfactive-du-chef-daniel-canzian\/#article","isPartOf":{"@id":"https:\/\/www.integra-fragrances.com\/fr\/serra-san-marco-lidentite-olfactive-du-chef-daniel-canzian\/"},"author":{"name":"IntegraAdmin","@id":"https:\/\/www.integra-fragrances.com\/#\/schema\/person\/f443867e97be0951a8b9c5739cd94dd6"},"headline":"\u201cSerra San Marco\u201d, l&#8217;identit\u00e9 olfactive du chef Daniel Canzian.","datePublished":"2022-06-07T08:43:00+00:00","dateModified":"2023-11-21T08:28:48+00:00","mainEntityOfPage":{"@id":"https:\/\/www.integra-fragrances.com\/fr\/serra-san-marco-lidentite-olfactive-du-chef-daniel-canzian\/"},"wordCount":10,"publisher":{"@id":"https:\/\/www.integra-fragrances.com\/#organization"},"image":{"@id":"https:\/\/www.integra-fragrances.com\/fr\/serra-san-marco-lidentite-olfactive-du-chef-daniel-canzian\/#primaryimage"},"thumbnailUrl":"https:\/\/www.integra-fragrances.com\/site\/wp-content\/uploads\/2023\/09\/danielcanzian-ristorante-copia.webp","articleSection":["Non classifi\u00e9(e)"],"inLanguage":"fr-FR"},{"@type":"WebPage","@id":"https:\/\/www.integra-fragrances.com\/fr\/serra-san-marco-lidentite-olfactive-du-chef-daniel-canzian\/","url":"https:\/\/www.integra-fragrances.com\/fr\/serra-san-marco-lidentite-olfactive-du-chef-daniel-canzian\/","name":"\u201cSerra San Marco\u201d, l'identit\u00e9 olfactive du chef Daniel Canzian. - Integra Fragrances","isPartOf":{"@id":"https:\/\/www.integra-fragrances.com\/#website"},"primaryImageOfPage":{"@id":"https:\/\/www.integra-fragrances.com\/fr\/serra-san-marco-lidentite-olfactive-du-chef-daniel-canzian\/#primaryimage"},"image":{"@id":"https:\/\/www.integra-fragrances.com\/fr\/serra-san-marco-lidentite-olfactive-du-chef-daniel-canzian\/#primaryimage"},"thumbnailUrl":"https:\/\/www.integra-fragrances.com\/site\/wp-content\/uploads\/2023\/09\/danielcanzian-ristorante-copia.webp","datePublished":"2022-06-07T08:43:00+00:00","dateModified":"2023-11-21T08:28:48+00:00","description":"Aujourd'hui nous vous pr\u00e9sentons Serra San Marco, la nouvelle identit\u00e9 olfactive du chef italien Daniel Canzian qui vous accueille aux portes de son restaurant.","inLanguage":"fr-FR","potentialAction":[{"@type":"ReadAction","target":["https:\/\/www.integra-fragrances.com\/fr\/serra-san-marco-lidentite-olfactive-du-chef-daniel-canzian\/"]}]},{"@type":"ImageObject","inLanguage":"fr-FR","@id":"https:\/\/www.integra-fragrances.com\/fr\/serra-san-marco-lidentite-olfactive-du-chef-daniel-canzian\/#primaryimage","url":"https:\/\/www.integra-fragrances.com\/site\/wp-content\/uploads\/2023\/09\/danielcanzian-ristorante-copia.webp","contentUrl":"https:\/\/www.integra-fragrances.com\/site\/wp-content\/uploads\/2023\/09\/danielcanzian-ristorante-copia.webp","width":675,"height":675},{"@type":"WebSite","@id":"https:\/\/www.integra-fragrances.com\/#website","url":"https:\/\/www.integra-fragrances.com\/","name":"Integra Fragrances","description":"Scent Marketing, the art and science of brand olfactory stories","publisher":{"@id":"https:\/\/www.integra-fragrances.com\/#organization"},"potentialAction":[{"@type":"SearchAction","target":{"@type":"EntryPoint","urlTemplate":"https:\/\/www.integra-fragrances.com\/?s={search_term_string}"},"query-input":{"@type":"PropertyValueSpecification","valueRequired":true,"valueName":"search_term_string"}}],"inLanguage":"fr-FR"},{"@type":"Organization","@id":"https:\/\/www.integra-fragrances.com\/#organization","name":"Integra Fragrances","url":"https:\/\/www.integra-fragrances.com\/","logo":{"@type":"ImageObject","inLanguage":"fr-FR","@id":"https:\/\/www.integra-fragrances.com\/#\/schema\/logo\/image\/","url":"https:\/\/www.integra-fragrances.com\/site\/wp-content\/uploads\/2023\/07\/integra-fragrances.svg","contentUrl":"https:\/\/www.integra-fragrances.com\/site\/wp-content\/uploads\/2023\/07\/integra-fragrances.svg","caption":"Integra Fragrances"},"image":{"@id":"https:\/\/www.integra-fragrances.com\/#\/schema\/logo\/image\/"}},{"@type":"Person","@id":"https:\/\/www.integra-fragrances.com\/#\/schema\/person\/f443867e97be0951a8b9c5739cd94dd6","name":"IntegraAdmin","sameAs":["https:\/\/www.integra-fragrances.com\/site"],"url":"https:\/\/www.integra-fragrances.com\/fr\/author\/integraadmin\/"}]}},"_links":{"self":[{"href":"https:\/\/www.integra-fragrances.com\/fr\/wp-json\/wp\/v2\/posts\/4586","targetHints":{"allow":["GET"]}}],"collection":[{"href":"https:\/\/www.integra-fragrances.com\/fr\/wp-json\/wp\/v2\/posts"}],"about":[{"href":"https:\/\/www.integra-fragrances.com\/fr\/wp-json\/wp\/v2\/types\/post"}],"author":[{"embeddable":true,"href":"https:\/\/www.integra-fragrances.com\/fr\/wp-json\/wp\/v2\/users\/1"}],"replies":[{"embeddable":true,"href":"https:\/\/www.integra-fragrances.com\/fr\/wp-json\/wp\/v2\/comments?post=4586"}],"version-history":[{"count":5,"href":"https:\/\/www.integra-fragrances.com\/fr\/wp-json\/wp\/v2\/posts\/4586\/revisions"}],"predecessor-version":[{"id":6728,"href":"https:\/\/www.integra-fragrances.com\/fr\/wp-json\/wp\/v2\/posts\/4586\/revisions\/6728"}],"wp:featuredmedia":[{"embeddable":true,"href":"https:\/\/www.integra-fragrances.com\/fr\/wp-json\/wp\/v2\/media\/4587"}],"wp:attachment":[{"href":"https:\/\/www.integra-fragrances.com\/fr\/wp-json\/wp\/v2\/media?parent=4586"}],"wp:term":[{"taxonomy":"category","embeddable":true,"href":"https:\/\/www.integra-fragrances.com\/fr\/wp-json\/wp\/v2\/categories?post=4586"},{"taxonomy":"post_tag","embeddable":true,"href":"https:\/\/www.integra-fragrances.com\/fr\/wp-json\/wp\/v2\/tags?post=4586"},{"taxonomy":"categorie_realizzazioni_brand","embeddable":true,"href":"https:\/\/www.integra-fragrances.com\/fr\/wp-json\/wp\/v2\/categorie_realizzazioni_brand?post=4586"}],"curies":[{"name":"wp","href":"https:\/\/api.w.org\/{rel}","templated":true}]}}